{"id":766,"date":"2023-12-23T20:40:10","date_gmt":"2023-12-23T12:40:10","guid":{"rendered":"https:\/\/thepackagingmachine.com\/?p=766"},"modified":"2024-09-11T11:56:25","modified_gmt":"2024-09-11T03:56:25","slug":"exhibition%e4%b8%a8lets-go-interpack","status":"publish","type":"post","link":"https:\/\/thepackagingmachine.com\/sv\/exhibition%e4%b8%a8lets-go-interpack\/","title":{"rendered":"Utst\u00e4llning\u4e28Let&#039;s Go Interpack 2023 (4-10 MAJ)"},"content":{"rendered":"<p>Fr\u00e5n 4 (torsdag) till 10 (onsdag) maj 2023 kommer interpack 2023 att h\u00e5llas i D\u00fcsseldorf, Tyskland.<\/p>\n\n\n\n<p>N\u00e4r den globala f\u00f6rpackningsindustrin m\u00f6ts i D\u00fcsseldorf, n\u00e4r innovationer l\u00e4ngs hela v\u00e4rdekedjan presenteras och nyckeltrender diskuteras, d\u00e5 vet du att det \u00e4r interpack.<\/p>\n\n\n\n<p>Fokus ligger p\u00e5 f\u00f6rpackningsmaterial, f\u00f6rpackningsmaskiner och relaterad processteknologi f\u00f6r livsmedel, drycker, konfektyr, bageri, l\u00e4kemedel, kosmetika, icke-livsmedel och industrivaror.<\/p>\n\n\n\n<p>interpack s\u00e4tter globala trender inom branschens framtid. Fr\u00e5n h\u00e5llbarhet till digitalisering: vad som blir verklighet i morgon presenteras h\u00e4r idag. Det \u00e4r detta som g\u00f6r interpack helt enkelt unikt.<\/p>","protected":false},"excerpt":{"rendered":"<p>V\u00e4lkommen till LTC Pack<\/p>","protected":false},"author":1,"featured_media":2625,"comment_status":"closed","ping_status":"closed","sticky":false,"template":"","format":"standard","meta":{"_seopress_robots_primary_cat":"none","_seopress_titles_title":"","_seopress_titles_desc":"","_seopress_robots_index":"","neve_meta_sidebar":"","neve_meta_container":"","neve_meta_enable_content_width":"","neve_meta_content_width":0,"neve_meta_title_alignment":"","neve_meta_author_avatar":"","neve_post_elements_order":"","neve_meta_disable_header":"","neve_meta_disable_footer":"","neve_meta_disable_title":"","neve_meta_reading_time":"","footnotes":""},"categories":[33],"tags":[],"class_list":["post-766","post","type-post","status-publish","format-standard","has-post-thumbnail","hentry","category-news"],"_links":{"self":[{"href":"https:\/\/thepackagingmachine.com\/sv\/wp-json\/wp\/v2\/posts\/766","targetHints":{"allow":["GET"]}}],"collection":[{"href":"https:\/\/thepackagingmachine.com\/sv\/wp-json\/wp\/v2\/posts"}],"about":[{"href":"https:\/\/thepackagingmachine.com\/sv\/wp-json\/wp\/v2\/types\/post"}],"author":[{"embeddable":true,"href":"https:\/\/thepackagingmachine.com\/sv\/wp-json\/wp\/v2\/users\/1"}],"replies":[{"embeddable":true,"href":"https:\/\/thepackagingmachine.com\/sv\/wp-json\/wp\/v2\/comments?post=766"}],"version-history":[{"count":4,"href":"https:\/\/thepackagingmachine.com\/sv\/wp-json\/wp\/v2\/posts\/766\/revisions"}],"predecessor-version":[{"id":2628,"href":"https:\/\/thepackagingmachine.com\/sv\/wp-json\/wp\/v2\/posts\/766\/revisions\/2628"}],"wp:featuredmedia":[{"embeddable":true,"href":"https:\/\/thepackagingmachine.com\/sv\/wp-json\/wp\/v2\/media\/2625"}],"wp:attachment":[{"href":"https:\/\/thepackagingmachine.com\/sv\/wp-json\/wp\/v2\/media?parent=766"}],"wp:term":[{"taxonomy":"category","embeddable":true,"href":"https:\/\/thepackagingmachine.com\/sv\/wp-json\/wp\/v2\/categories?post=766"},{"taxonomy":"post_tag","embeddable":true,"href":"https:\/\/thepackagingmachine.com\/sv\/wp-json\/wp\/v2\/tags?post=766"}],"curies":[{"name":"wp","href":"https:\/\/api.w.org\/{rel}","templated":true}]}}