{"id":766,"date":"2023-12-23T20:40:10","date_gmt":"2023-12-23T12:40:10","guid":{"rendered":"https:\/\/thepackagingmachine.com\/?p=766"},"modified":"2024-09-11T11:56:25","modified_gmt":"2024-09-11T03:56:25","slug":"exhibition%e4%b8%a8lets-go-interpack","status":"publish","type":"post","link":"https:\/\/thepackagingmachine.com\/pt\/exhibition%e4%b8%a8lets-go-interpack\/","title":{"rendered":"Exposi\u00e7\u00e3o\u4e28Let&#039;s Go Interpack 2023 (4-10 MAIO)"},"content":{"rendered":"<p>De 4 (quinta-feira) a 10 (quarta-feira) de maio de 2023, a interpack 2023 ser\u00e1 realizada em D\u00fcsseldorf, Alemanha.<\/p>\n\n\n\n<p>Quando a ind\u00fastria global de embalagens se re\u00fane em D\u00fcsseldorf, quando inova\u00e7\u00f5es ao longo de toda a cadeia de valor s\u00e3o apresentadas e as principais tend\u00eancias s\u00e3o discutidas, ent\u00e3o voc\u00ea sabe que \u00e9 a Interpack.<\/p>\n\n\n\n<p>O foco est\u00e1 em materiais de embalagem, m\u00e1quinas de embalagem e tecnologia de processos relacionados para os setores de alimentos, bebidas, confeitaria, panifica\u00e7\u00e3o, produtos farmac\u00eauticos, cosm\u00e9ticos, produtos n\u00e3o aliment\u00edcios e produtos industriais.<\/p>\n\n\n\n<p>interpack define tend\u00eancias globais sobre os t\u00f3picos do futuro da ind\u00fastria. Da sustentabilidade \u00e0 digitaliza\u00e7\u00e3o: o que ser\u00e1 realidade amanh\u00e3 \u00e9 apresentado aqui hoje. \u00c9 isso que torna a interpack simplesmente \u00fanica.<\/p>","protected":false},"excerpt":{"rendered":"<p>Bem-vindo ao LTC Pack<\/p>","protected":false},"author":1,"featured_media":2625,"comment_status":"closed","ping_status":"closed","sticky":false,"template":"","format":"standard","meta":{"_seopress_robots_primary_cat":"none","_seopress_titles_title":"","_seopress_titles_desc":"","_seopress_robots_index":"","neve_meta_sidebar":"","neve_meta_container":"","neve_meta_enable_content_width":"","neve_meta_content_width":0,"neve_meta_title_alignment":"","neve_meta_author_avatar":"","neve_post_elements_order":"","neve_meta_disable_header":"","neve_meta_disable_footer":"","neve_meta_disable_title":"","neve_meta_reading_time":"","footnotes":""},"categories":[33],"tags":[],"class_list":["post-766","post","type-post","status-publish","format-standard","has-post-thumbnail","hentry","category-news"],"_links":{"self":[{"href":"https:\/\/thepackagingmachine.com\/pt\/wp-json\/wp\/v2\/posts\/766","targetHints":{"allow":["GET"]}}],"collection":[{"href":"https:\/\/thepackagingmachine.com\/pt\/wp-json\/wp\/v2\/posts"}],"about":[{"href":"https:\/\/thepackagingmachine.com\/pt\/wp-json\/wp\/v2\/types\/post"}],"author":[{"embeddable":true,"href":"https:\/\/thepackagingmachine.com\/pt\/wp-json\/wp\/v2\/users\/1"}],"replies":[{"embeddable":true,"href":"https:\/\/thepackagingmachine.com\/pt\/wp-json\/wp\/v2\/comments?post=766"}],"version-history":[{"count":4,"href":"https:\/\/thepackagingmachine.com\/pt\/wp-json\/wp\/v2\/posts\/766\/revisions"}],"predecessor-version":[{"id":2628,"href":"https:\/\/thepackagingmachine.com\/pt\/wp-json\/wp\/v2\/posts\/766\/revisions\/2628"}],"wp:featuredmedia":[{"embeddable":true,"href":"https:\/\/thepackagingmachine.com\/pt\/wp-json\/wp\/v2\/media\/2625"}],"wp:attachment":[{"href":"https:\/\/thepackagingmachine.com\/pt\/wp-json\/wp\/v2\/media?parent=766"}],"wp:term":[{"taxonomy":"category","embeddable":true,"href":"https:\/\/thepackagingmachine.com\/pt\/wp-json\/wp\/v2\/categories?post=766"},{"taxonomy":"post_tag","embeddable":true,"href":"https:\/\/thepackagingmachine.com\/pt\/wp-json\/wp\/v2\/tags?post=766"}],"curies":[{"name":"wp","href":"https:\/\/api.w.org\/{rel}","templated":true}]}}