{"id":766,"date":"2023-12-23T20:40:10","date_gmt":"2023-12-23T12:40:10","guid":{"rendered":"https:\/\/thepackagingmachine.com\/?p=766"},"modified":"2024-09-11T11:56:25","modified_gmt":"2024-09-11T03:56:25","slug":"mostra%e4%b8%a8andiamo-allinterpack-2","status":"publish","type":"post","link":"https:\/\/thepackagingmachine.com\/it\/mostra%e4%b8%a8andiamo-allinterpack-2\/","title":{"rendered":"Mostra\u4e28Let&#039;s Go Interpack 2023 (4-10 MAGGIO)"},"content":{"rendered":"<p>Dal 4 (gioved\u00ec) al 10 (mercoled\u00ec) maggio 2023 si terr\u00e0 a D\u00fcsseldorf, in Germania, l&#039;interpack 2023.<\/p>\n\n\n\n<p>Quando l&#039;industria mondiale del packaging si incontra a D\u00fcsseldorf, quando vengono presentate le innovazioni lungo l&#039;intera catena del valore e si discute delle tendenze chiave, allora si sa che \u00e8 Interpack.<\/p>\n\n\n\n<p>L&#039;attenzione \u00e8 rivolta ai materiali di imballaggio, alle macchine per l&#039;imballaggio e alla relativa tecnologia di processo per i settori alimentare, delle bevande, dolciario, della panetteria, farmaceutico, cosmetico, non alimentare e dei beni industriali.<\/p>\n\n\n\n<p>interpack stabilisce le tendenze globali sui temi del futuro del settore. Dalla sostenibilit\u00e0 alla digitalizzazione: ci\u00f2 che sar\u00e0 realt\u00e0 domani viene presentato oggi. Ecco cosa rende interpack semplicemente unica.<\/p>","protected":false},"excerpt":{"rendered":"<p>Benvenuti a LTC Pack<\/p>","protected":false},"author":1,"featured_media":2625,"comment_status":"closed","ping_status":"closed","sticky":false,"template":"","format":"standard","meta":{"_seopress_robots_primary_cat":"none","_seopress_titles_title":"","_seopress_titles_desc":"","_seopress_robots_index":"","neve_meta_sidebar":"","neve_meta_container":"","neve_meta_enable_content_width":"","neve_meta_content_width":0,"neve_meta_title_alignment":"","neve_meta_author_avatar":"","neve_post_elements_order":"","neve_meta_disable_header":"","neve_meta_disable_footer":"","neve_meta_disable_title":"","neve_meta_reading_time":"","footnotes":""},"categories":[33],"tags":[],"class_list":["post-766","post","type-post","status-publish","format-standard","has-post-thumbnail","hentry","category-news"],"_links":{"self":[{"href":"https:\/\/thepackagingmachine.com\/it\/wp-json\/wp\/v2\/posts\/766","targetHints":{"allow":["GET"]}}],"collection":[{"href":"https:\/\/thepackagingmachine.com\/it\/wp-json\/wp\/v2\/posts"}],"about":[{"href":"https:\/\/thepackagingmachine.com\/it\/wp-json\/wp\/v2\/types\/post"}],"author":[{"embeddable":true,"href":"https:\/\/thepackagingmachine.com\/it\/wp-json\/wp\/v2\/users\/1"}],"replies":[{"embeddable":true,"href":"https:\/\/thepackagingmachine.com\/it\/wp-json\/wp\/v2\/comments?post=766"}],"version-history":[{"count":4,"href":"https:\/\/thepackagingmachine.com\/it\/wp-json\/wp\/v2\/posts\/766\/revisions"}],"predecessor-version":[{"id":2628,"href":"https:\/\/thepackagingmachine.com\/it\/wp-json\/wp\/v2\/posts\/766\/revisions\/2628"}],"wp:featuredmedia":[{"embeddable":true,"href":"https:\/\/thepackagingmachine.com\/it\/wp-json\/wp\/v2\/media\/2625"}],"wp:attachment":[{"href":"https:\/\/thepackagingmachine.com\/it\/wp-json\/wp\/v2\/media?parent=766"}],"wp:term":[{"taxonomy":"category","embeddable":true,"href":"https:\/\/thepackagingmachine.com\/it\/wp-json\/wp\/v2\/categories?post=766"},{"taxonomy":"post_tag","embeddable":true,"href":"https:\/\/thepackagingmachine.com\/it\/wp-json\/wp\/v2\/tags?post=766"}],"curies":[{"name":"parola chiave","href":"https:\/\/api.w.org\/{rel}","templated":true}]}}