{"id":766,"date":"2023-12-23T20:40:10","date_gmt":"2023-12-23T12:40:10","guid":{"rendered":"https:\/\/thepackagingmachine.com\/?p=766"},"modified":"2024-09-11T11:56:25","modified_gmt":"2024-09-11T03:56:25","slug":"exhibition%e4%b8%a8lets-go-interpack","status":"publish","type":"post","link":"https:\/\/thepackagingmachine.com\/es\/exhibition%e4%b8%a8lets-go-interpack\/","title":{"rendered":"Exposici\u00f3n &quot;Let&#039;s Go Interpack 2023&quot; (4-10 de mayo)"},"content":{"rendered":"<p>Del 4 (jueves) al 10 (mi\u00e9rcoles) de mayo de 2023 se celebrar\u00e1 la interpack 2023 en D\u00fcsseldorf, Alemania.<\/p>\n\n\n\n<p>Cuando la industria mundial del embalaje se re\u00fane en D\u00fcsseldorf, cuando se presentan innovaciones a lo largo de toda la cadena de valor y se debaten las tendencias clave, entonces sabemos que se trata de Interpack.<\/p>\n\n\n\n<p>El enfoque se centra en materiales de embalaje, m\u00e1quinas de embalaje y tecnolog\u00eda de procesos relacionados para los sectores de alimentos, bebidas, confiter\u00eda, panader\u00eda, farmac\u00e9utico, cosm\u00e9ticos, productos no alimentarios y bienes industriales.<\/p>\n\n\n\n<p>Interpack marca tendencia global en temas del futuro de la industria. Desde la sostenibilidad hasta la digitalizaci\u00f3n: hoy presentamos lo que ser\u00e1 la realidad del ma\u00f1ana. Esto es lo que hace a Interpack simplemente \u00fanica.<\/p>","protected":false},"excerpt":{"rendered":"<p>Bienvenido a LTC Pack<\/p>","protected":false},"author":1,"featured_media":2625,"comment_status":"closed","ping_status":"closed","sticky":false,"template":"","format":"standard","meta":{"_seopress_robots_primary_cat":"none","_seopress_titles_title":"","_seopress_titles_desc":"","_seopress_robots_index":"","neve_meta_sidebar":"","neve_meta_container":"","neve_meta_enable_content_width":"","neve_meta_content_width":0,"neve_meta_title_alignment":"","neve_meta_author_avatar":"","neve_post_elements_order":"","neve_meta_disable_header":"","neve_meta_disable_footer":"","neve_meta_disable_title":"","neve_meta_reading_time":"","footnotes":""},"categories":[33],"tags":[],"class_list":["post-766","post","type-post","status-publish","format-standard","has-post-thumbnail","hentry","category-news"],"_links":{"self":[{"href":"https:\/\/thepackagingmachine.com\/es\/wp-json\/wp\/v2\/posts\/766","targetHints":{"allow":["GET"]}}],"collection":[{"href":"https:\/\/thepackagingmachine.com\/es\/wp-json\/wp\/v2\/posts"}],"about":[{"href":"https:\/\/thepackagingmachine.com\/es\/wp-json\/wp\/v2\/types\/post"}],"author":[{"embeddable":true,"href":"https:\/\/thepackagingmachine.com\/es\/wp-json\/wp\/v2\/users\/1"}],"replies":[{"embeddable":true,"href":"https:\/\/thepackagingmachine.com\/es\/wp-json\/wp\/v2\/comments?post=766"}],"version-history":[{"count":4,"href":"https:\/\/thepackagingmachine.com\/es\/wp-json\/wp\/v2\/posts\/766\/revisions"}],"predecessor-version":[{"id":2628,"href":"https:\/\/thepackagingmachine.com\/es\/wp-json\/wp\/v2\/posts\/766\/revisions\/2628"}],"wp:featuredmedia":[{"embeddable":true,"href":"https:\/\/thepackagingmachine.com\/es\/wp-json\/wp\/v2\/media\/2625"}],"wp:attachment":[{"href":"https:\/\/thepackagingmachine.com\/es\/wp-json\/wp\/v2\/media?parent=766"}],"wp:term":[{"taxonomy":"category","embeddable":true,"href":"https:\/\/thepackagingmachine.com\/es\/wp-json\/wp\/v2\/categories?post=766"},{"taxonomy":"post_tag","embeddable":true,"href":"https:\/\/thepackagingmachine.com\/es\/wp-json\/wp\/v2\/tags?post=766"}],"curies":[{"name":"wp","href":"https:\/\/api.w.org\/{rel}","templated":true}]}}