{"id":766,"date":"2023-12-23T20:40:10","date_gmt":"2023-12-23T12:40:10","guid":{"rendered":"https:\/\/thepackagingmachine.com\/?p=766"},"modified":"2024-09-11T11:56:25","modified_gmt":"2024-09-11T03:56:25","slug":"exhibition%e4%b8%a8lets-go-interpack","status":"publish","type":"post","link":"https:\/\/thepackagingmachine.com\/de\/exhibition%e4%b8%a8lets-go-interpack\/","title":{"rendered":"Ausstellung: Let&#039;s Go Interpack 2023 (4.-10. Mai)"},"content":{"rendered":"<p>Vom 4. (Donnerstag) bis 10. (Mittwoch) Mai 2023 findet die interpack 2023 in D\u00fcsseldorf, Deutschland, statt.<\/p>\n\n\n\n<p>Wenn sich die globale Verpackungsbranche in D\u00fcsseldorf trifft, wenn Innovationen entlang der gesamten Wertsch\u00f6pfungskette pr\u00e4sentiert und wichtige Trends diskutiert werden, dann ist es interpack.<\/p>\n\n\n\n<p>Der Schwerpunkt liegt auf Verpackungsmaterialien, Verpackungsmaschinen und zugeh\u00f6riger Prozesstechnik f\u00fcr die Branchen Lebensmittel, Getr\u00e4nke, S\u00fc\u00dfwaren, Backwaren, Pharma, Kosmetik, Non-Food und Industrieg\u00fcter.<\/p>\n\n\n\n<p>Die interpack setzt weltweit Trends zu den Zukunftsthemen der Branche. Von Nachhaltigkeit bis Digitalisierung: Hier wird heute schon pr\u00e4sentiert, was morgen Realit\u00e4t ist. Das macht die interpack einzigartig.<\/p>","protected":false},"excerpt":{"rendered":"<p>Willkommen beim LTC Pack<\/p>","protected":false},"author":1,"featured_media":2625,"comment_status":"closed","ping_status":"closed","sticky":false,"template":"","format":"standard","meta":{"_seopress_robots_primary_cat":"none","_seopress_titles_title":"","_seopress_titles_desc":"","_seopress_robots_index":"","neve_meta_sidebar":"","neve_meta_container":"","neve_meta_enable_content_width":"","neve_meta_content_width":0,"neve_meta_title_alignment":"","neve_meta_author_avatar":"","neve_post_elements_order":"","neve_meta_disable_header":"","neve_meta_disable_footer":"","neve_meta_disable_title":"","neve_meta_reading_time":"","footnotes":""},"categories":[33],"tags":[],"class_list":["post-766","post","type-post","status-publish","format-standard","has-post-thumbnail","hentry","category-news"],"_links":{"self":[{"href":"https:\/\/thepackagingmachine.com\/de\/wp-json\/wp\/v2\/posts\/766","targetHints":{"allow":["GET"]}}],"collection":[{"href":"https:\/\/thepackagingmachine.com\/de\/wp-json\/wp\/v2\/posts"}],"about":[{"href":"https:\/\/thepackagingmachine.com\/de\/wp-json\/wp\/v2\/types\/post"}],"author":[{"embeddable":true,"href":"https:\/\/thepackagingmachine.com\/de\/wp-json\/wp\/v2\/users\/1"}],"replies":[{"embeddable":true,"href":"https:\/\/thepackagingmachine.com\/de\/wp-json\/wp\/v2\/comments?post=766"}],"version-history":[{"count":4,"href":"https:\/\/thepackagingmachine.com\/de\/wp-json\/wp\/v2\/posts\/766\/revisions"}],"predecessor-version":[{"id":2628,"href":"https:\/\/thepackagingmachine.com\/de\/wp-json\/wp\/v2\/posts\/766\/revisions\/2628"}],"wp:featuredmedia":[{"embeddable":true,"href":"https:\/\/thepackagingmachine.com\/de\/wp-json\/wp\/v2\/media\/2625"}],"wp:attachment":[{"href":"https:\/\/thepackagingmachine.com\/de\/wp-json\/wp\/v2\/media?parent=766"}],"wp:term":[{"taxonomy":"category","embeddable":true,"href":"https:\/\/thepackagingmachine.com\/de\/wp-json\/wp\/v2\/categories?post=766"},{"taxonomy":"post_tag","embeddable":true,"href":"https:\/\/thepackagingmachine.com\/de\/wp-json\/wp\/v2\/tags?post=766"}],"curies":[{"name":"wp","href":"https:\/\/api.w.org\/{rel}","templated":true}]}}